{"id":757,"date":"2013-03-29T22:54:09","date_gmt":"2013-03-29T20:54:09","guid":{"rendered":"http:\/\/hillerkiller.com\/blog\/?p=757"},"modified":"2013-03-29T22:54:09","modified_gmt":"2013-03-29T20:54:09","slug":"die-idee-ist-gut-und-die-welt-bereit","status":"publish","type":"post","link":"https:\/\/hillerkiller.com\/blog\/?p=757","title":{"rendered":"Die Idee ist gut und die Welt bereit"},"content":{"rendered":"<p>Seit Jahre nehme ich mir nach jedem Comicsalon\/-festival hoch motiviert vor, im n\u00e4chsten Jahr auch endlich mal ein kleines Heftchen zusammenzutackern und den Leuten aufzudr\u00e4ngen, aber bis jetzt ist daraus nie was geworden. BIS JETZT! W\u00e4hrend ich seit letzter Woche tags\u00fcber an dem JAZAM!-Comic gearbeitet und was gegessen habe, t\u00fcftelte ich abends an einer kleinen Geschichte f\u00fcr einen Minicomic. Ohne Erfolg. Die Charaktere hatte ich schon seit ungef\u00e4hr einem Monat, aber die Story wollte einfach nicht dazukommen. Davon hatte ich dann irgendwann genug und hab mich einfach hingesetzt und angefangen zu zeichnen. Und tats\u00e4chlich hat sich nach und nach etwas entwickelt, womit ich recht zufrieden bin, n\u00e4mlich ein Storyboard f\u00fcr 32 Seiten h\u00f6chst dramatischer Action.<\/p>\n<p><a href=\"http:\/\/hillerkiller.com\/blog\/wp-content\/uploads\/2013\/03\/Dino.jpg\"><img loading=\"lazy\" decoding=\"async\" class=\"aligncenter size-full wp-image-758\" alt=\"Dino\" src=\"http:\/\/hillerkiller.com\/blog\/wp-content\/uploads\/2013\/03\/Dino.jpg\" width=\"600\" height=\"650\" srcset=\"https:\/\/hillerkiller.com\/blog\/wp-content\/uploads\/2013\/03\/Dino.jpg 600w, https:\/\/hillerkiller.com\/blog\/wp-content\/uploads\/2013\/03\/Dino-276x300.jpg 276w\" sizes=\"(max-width: 600px) 100vw, 600px\" \/><\/a><\/p>\n<p>Es darf sich sehr gefreut werden! Nicht \u00fcber die buchbinderische Qualit\u00e4t, weil ich keine Ahnung habe, wie ich das handwerklich hinbekommen und eine Produktion von mehr als zwei Exemplaren \u00fcberleben soll, aber zumindest bei den Zeichnungen werde ich mir M\u00fche geben.<\/p>\n","protected":false},"excerpt":{"rendered":"<p>Seit Jahre nehme ich mir nach jedem Comicsalon\/-festival hoch motiviert vor, im n\u00e4chsten Jahr auch endlich mal ein kleines Heftchen zusammenzutackern und den Leuten aufzudr\u00e4ngen, aber bis jetzt ist daraus nie was geworden. BIS JETZT! W\u00e4hrend ich seit letzter Woche tags\u00fcber an dem JAZAM!-Comic gearbeitet und was gegessen habe, t\u00fcftelte ich abends an einer kleinen [&hellip;]<\/p>\n","protected":false},"author":1,"featured_media":0,"comment_status":"open","ping_status":"closed","sticky":false,"template":"","format":"standard","meta":{"footnotes":""},"categories":[1],"tags":[],"class_list":["post-757","post","type-post","status-publish","format-standard","hentry","category-allgemein"],"_links":{"self":[{"href":"https:\/\/hillerkiller.com\/blog\/index.php?rest_route=\/wp\/v2\/posts\/757"}],"collection":[{"href":"https:\/\/hillerkiller.com\/blog\/index.php?rest_route=\/wp\/v2\/posts"}],"about":[{"href":"https:\/\/hillerkiller.com\/blog\/index.php?rest_route=\/wp\/v2\/types\/post"}],"author":[{"embeddable":true,"href":"https:\/\/hillerkiller.com\/blog\/index.php?rest_route=\/wp\/v2\/users\/1"}],"replies":[{"embeddable":true,"href":"https:\/\/hillerkiller.com\/blog\/index.php?rest_route=%2Fwp%2Fv2%2Fcomments&post=757"}],"version-history":[{"count":2,"href":"https:\/\/hillerkiller.com\/blog\/index.php?rest_route=\/wp\/v2\/posts\/757\/revisions"}],"predecessor-version":[{"id":760,"href":"https:\/\/hillerkiller.com\/blog\/index.php?rest_route=\/wp\/v2\/posts\/757\/revisions\/760"}],"wp:attachment":[{"href":"https:\/\/hillerkiller.com\/blog\/index.php?rest_route=%2Fwp%2Fv2%2Fmedia&parent=757"}],"wp:term":[{"taxonomy":"category","embeddable":true,"href":"https:\/\/hillerkiller.com\/blog\/index.php?rest_route=%2Fwp%2Fv2%2Fcategories&post=757"},{"taxonomy":"post_tag","embeddable":true,"href":"https:\/\/hillerkiller.com\/blog\/index.php?rest_route=%2Fwp%2Fv2%2Ftags&post=757"}],"curies":[{"name":"wp","href":"https:\/\/api.w.org\/{rel}","templated":true}]}}